{"id":4896,"date":"2023-07-10T09:07:32","date_gmt":"2023-07-10T09:07:32","guid":{"rendered":"https:\/\/kodas.ee\/?p=4896"},"modified":"2023-07-12T11:01:38","modified_gmt":"2023-07-12T11:01:38","slug":"kalli-kalde-maalinaitus","status":"publish","type":"post","link":"https:\/\/kodas.ee\/et\/kalli-kalde-maalinaitus\/","title":{"rendered":"Kalli Kalde maalin\u00e4itus"},"content":{"rendered":"","protected":false},"excerpt":{"rendered":"","protected":false},"author":5,"featured_media":4913,"comment_status":"closed","ping_status":"closed","sticky":false,"template":"","format":"standard","meta":{"footnotes":""},"categories":[78],"tags":[],"post_folder":[],"class_list":["post-4896","post","type-post","status-publish","format-standard","has-post-thumbnail","hentry","category-sundmused"],"yoast_head":"<!-- This site is optimized with the Yoast SEO plugin v19.9 - https:\/\/yoast.com\/wordpress\/plugins\/seo\/ -->\n<title>Kalli Kalde maalin\u00e4itus | Kodas | Maitsev ja j\u00e4tkusuutlik<\/title>\n<meta name=\"description\" content=\"12. juulil kell 19.00 esitleb kunstnik Kalli Kalde oma maalide n\u00e4itust KODAS restoranis ja ringk\u00e4igul veinikeldri vaadigaleriis. Kalli Kalde on l\u00f5petanud Tallinna \u00dclikooli kunsti\u00f5petuse ja t\u00f6\u00f6\u00f5petuse \u00f5petajana. Oma maalide ja graafikaga esineb ta n\u00e4itustel alates 1988. aastast. Ta on Tartu Kunstnike Liidu ja Eesti Vabagraafikute \u00dchenduse liige ja t\u00f6\u00f6tab joonistamise ja maali \u00f5petajana Tartu Kunstikoolis.N\u00e4itus j\u00e4\u00e4b avatuks augusti l\u00f5puni.\" \/>\n<meta name=\"robots\" content=\"index, follow, max-snippet:-1, max-image-preview:large, max-video-preview:-1\" \/>\n<link rel=\"canonical\" href=\"https:\/\/kodas.ee\/et\/kalli-kalde-maalinaitus\/\" \/>\n<meta property=\"og:locale\" content=\"et_EE\" \/>\n<meta property=\"og:type\" content=\"article\" \/>\n<meta property=\"og:title\" content=\"Kalli Kalde maalin\u00e4itus | Kodas | Maitsev ja j\u00e4tkusuutlik\" \/>\n<meta property=\"og:description\" content=\"12. juulil kell 19.00 esitleb kunstnik Kalli Kalde oma maalide n\u00e4itust KODAS restoranis ja ringk\u00e4igul veinikeldri vaadigaleriis. Kalli Kalde on l\u00f5petanud Tallinna \u00dclikooli kunsti\u00f5petuse ja t\u00f6\u00f6\u00f5petuse \u00f5petajana. Oma maalide ja graafikaga esineb ta n\u00e4itustel alates 1988. aastast. Ta on Tartu Kunstnike Liidu ja Eesti Vabagraafikute \u00dchenduse liige ja t\u00f6\u00f6tab joonistamise ja maali \u00f5petajana Tartu Kunstikoolis.N\u00e4itus j\u00e4\u00e4b avatuks augusti l\u00f5puni.\" \/>\n<meta property=\"og:url\" content=\"https:\/\/kodas.ee\/et\/kalli-kalde-maalinaitus\/\" \/>\n<meta property=\"og:site_name\" content=\"Kodas | Maitsev ja j\u00e4tkusuutlik\" \/>\n<meta property=\"article:published_time\" content=\"2023-07-10T09:07:32+00:00\" \/>\n<meta property=\"article:modified_time\" content=\"2023-07-12T11:01:38+00:00\" \/>\n<meta property=\"og:image\" content=\"https:\/\/kodas.ee\/wp-content\/uploads\/2023\/07\/KALLI-KALDE-MAALIDE-NAITUS-juulis-ja-augustis-restoranis-ja-siidrikojas-Avamine-12.-juuli-19.00-KODAS1.png\" \/>\n\t<meta property=\"og:image:width\" content=\"1080\" \/>\n\t<meta property=\"og:image:height\" content=\"1080\" \/>\n\t<meta property=\"og:image:type\" content=\"image\/png\" \/>\n<meta name=\"author\" content=\"Ingmar N\u00f5mmann\" \/>\n<meta name=\"twitter:card\" content=\"summary_large_image\" \/>\n<meta name=\"twitter:label1\" content=\"Written by\" \/>\n\t<meta name=\"twitter:data1\" content=\"Ingmar N\u00f5mmann\" \/>\n<script type=\"application\/ld+json\" class=\"yoast-schema-graph\">{\"@context\":\"https:\/\/schema.org\",\"@graph\":[{\"@type\":\"Article\",\"@id\":\"https:\/\/kodas.ee\/et\/kalli-kalde-maalinaitus\/#article\",\"isPartOf\":{\"@id\":\"https:\/\/kodas.ee\/et\/kalli-kalde-maalinaitus\/\"},\"author\":{\"name\":\"Ingmar N\u00f5mmann\",\"@id\":\"https:\/\/kodas.ee\/et\/#\/schema\/person\/74ce1ed00eb3db133989cedf72c9cc02\"},\"headline\":\"Kalli Kalde maalin\u00e4itus\",\"datePublished\":\"2023-07-10T09:07:32+00:00\",\"dateModified\":\"2023-07-12T11:01:38+00:00\",\"mainEntityOfPage\":{\"@id\":\"https:\/\/kodas.ee\/et\/kalli-kalde-maalinaitus\/\"},\"wordCount\":4,\"publisher\":{\"@id\":\"https:\/\/kodas.ee\/et\/#organization\"},\"articleSection\":[\"S\u00fcndmused\"],\"inLanguage\":\"et\"},{\"@type\":\"WebPage\",\"@id\":\"https:\/\/kodas.ee\/et\/kalli-kalde-maalinaitus\/\",\"url\":\"https:\/\/kodas.ee\/et\/kalli-kalde-maalinaitus\/\",\"name\":\"Kalli Kalde maalin\u00e4itus | Kodas | Maitsev ja j\u00e4tkusuutlik\",\"isPartOf\":{\"@id\":\"https:\/\/kodas.ee\/et\/#website\"},\"datePublished\":\"2023-07-10T09:07:32+00:00\",\"dateModified\":\"2023-07-12T11:01:38+00:00\",\"description\":\"12. juulil kell 19.00 esitleb kunstnik Kalli Kalde oma maalide n\u00e4itust KODAS restoranis ja ringk\u00e4igul veinikeldri vaadigaleriis. Kalli Kalde on l\u00f5petanud Tallinna \u00dclikooli kunsti\u00f5petuse ja t\u00f6\u00f6\u00f5petuse \u00f5petajana. Oma maalide ja graafikaga esineb ta n\u00e4itustel alates 1988. aastast. Ta on Tartu Kunstnike Liidu ja Eesti Vabagraafikute \u00dchenduse liige ja t\u00f6\u00f6tab joonistamise ja maali \u00f5petajana Tartu Kunstikoolis.N\u00e4itus j\u00e4\u00e4b avatuks augusti l\u00f5puni.\",\"breadcrumb\":{\"@id\":\"https:\/\/kodas.ee\/et\/kalli-kalde-maalinaitus\/#breadcrumb\"},\"inLanguage\":\"et\",\"potentialAction\":[{\"@type\":\"ReadAction\",\"target\":[\"https:\/\/kodas.ee\/et\/kalli-kalde-maalinaitus\/\"]}]},{\"@type\":\"BreadcrumbList\",\"@id\":\"https:\/\/kodas.ee\/et\/kalli-kalde-maalinaitus\/#breadcrumb\",\"itemListElement\":[{\"@type\":\"ListItem\",\"position\":1,\"name\":\"Home\",\"item\":\"https:\/\/kodas.ee\/et\/\"},{\"@type\":\"ListItem\",\"position\":2,\"name\":\"Kalli Kalde maalin\u00e4itus\"}]},{\"@type\":\"WebSite\",\"@id\":\"https:\/\/kodas.ee\/et\/#website\",\"url\":\"https:\/\/kodas.ee\/et\/\",\"name\":\"Kodas | Maitsev ja j\u00e4tkusuutlik\",\"description\":\"Maailmaklassi siider t\u00e4is teadust\",\"publisher\":{\"@id\":\"https:\/\/kodas.ee\/et\/#organization\"},\"potentialAction\":[{\"@type\":\"SearchAction\",\"target\":{\"@type\":\"EntryPoint\",\"urlTemplate\":\"https:\/\/kodas.ee\/et\/?s={search_term_string}\"},\"query-input\":\"required name=search_term_string\"}],\"inLanguage\":\"et\"},{\"@type\":\"Organization\",\"@id\":\"https:\/\/kodas.ee\/et\/#organization\",\"name\":\"SIIDRIKODA O\u00dc\",\"url\":\"https:\/\/kodas.ee\/et\/\",\"logo\":{\"@type\":\"ImageObject\",\"inLanguage\":\"et\",\"@id\":\"https:\/\/kodas.ee\/et\/#\/schema\/logo\/image\/\",\"url\":\"https:\/\/kodas.ee\/wp-content\/uploads\/2021\/07\/cropped-favicon.png\",\"contentUrl\":\"https:\/\/kodas.ee\/wp-content\/uploads\/2021\/07\/cropped-favicon.png\",\"width\":512,\"height\":512,\"caption\":\"SIIDRIKODA O\u00dc\"},\"image\":{\"@id\":\"https:\/\/kodas.ee\/et\/#\/schema\/logo\/image\/\"}},{\"@type\":\"Person\",\"@id\":\"https:\/\/kodas.ee\/et\/#\/schema\/person\/74ce1ed00eb3db133989cedf72c9cc02\",\"name\":\"Ingmar N\u00f5mmann\",\"image\":{\"@type\":\"ImageObject\",\"inLanguage\":\"et\",\"@id\":\"https:\/\/kodas.ee\/et\/#\/schema\/person\/image\/\",\"url\":\"https:\/\/kodas.ee\/wp-content\/wphb-cache\/gravatar\/7a0\/7a082d7c413f1b432039891bd12febe4x96.jpg\",\"contentUrl\":\"https:\/\/kodas.ee\/wp-content\/wphb-cache\/gravatar\/7a0\/7a082d7c413f1b432039891bd12febe4x96.jpg\",\"caption\":\"Ingmar N\u00f5mmann\"}}]}<\/script>\n<!-- \/ Yoast SEO plugin. -->","yoast_head_json":{"title":"Kalli Kalde maalin\u00e4itus | Kodas | Maitsev ja j\u00e4tkusuutlik","description":"12. juulil kell 19.00 esitleb kunstnik Kalli Kalde oma maalide n\u00e4itust KODAS restoranis ja ringk\u00e4igul veinikeldri vaadigaleriis. Kalli Kalde on l\u00f5petanud Tallinna \u00dclikooli kunsti\u00f5petuse ja t\u00f6\u00f6\u00f5petuse \u00f5petajana. Oma maalide ja graafikaga esineb ta n\u00e4itustel alates 1988. aastast. Ta on Tartu Kunstnike Liidu ja Eesti Vabagraafikute \u00dchenduse liige ja t\u00f6\u00f6tab joonistamise ja maali \u00f5petajana Tartu Kunstikoolis.N\u00e4itus j\u00e4\u00e4b avatuks augusti l\u00f5puni.","robots":{"index":"index","follow":"follow","max-snippet":"max-snippet:-1","max-image-preview":"max-image-preview:large","max-video-preview":"max-video-preview:-1"},"canonical":"https:\/\/kodas.ee\/et\/kalli-kalde-maalinaitus\/","og_locale":"et_EE","og_type":"article","og_title":"Kalli Kalde maalin\u00e4itus | Kodas | Maitsev ja j\u00e4tkusuutlik","og_description":"12. juulil kell 19.00 esitleb kunstnik Kalli Kalde oma maalide n\u00e4itust KODAS restoranis ja ringk\u00e4igul veinikeldri vaadigaleriis. Kalli Kalde on l\u00f5petanud Tallinna \u00dclikooli kunsti\u00f5petuse ja t\u00f6\u00f6\u00f5petuse \u00f5petajana. Oma maalide ja graafikaga esineb ta n\u00e4itustel alates 1988. aastast. Ta on Tartu Kunstnike Liidu ja Eesti Vabagraafikute \u00dchenduse liige ja t\u00f6\u00f6tab joonistamise ja maali \u00f5petajana Tartu Kunstikoolis.N\u00e4itus j\u00e4\u00e4b avatuks augusti l\u00f5puni.","og_url":"https:\/\/kodas.ee\/et\/kalli-kalde-maalinaitus\/","og_site_name":"Kodas | Maitsev ja j\u00e4tkusuutlik","article_published_time":"2023-07-10T09:07:32+00:00","article_modified_time":"2023-07-12T11:01:38+00:00","og_image":[{"width":1080,"height":1080,"url":"https:\/\/kodas.ee\/wp-content\/uploads\/2023\/07\/KALLI-KALDE-MAALIDE-NAITUS-juulis-ja-augustis-restoranis-ja-siidrikojas-Avamine-12.-juuli-19.00-KODAS1.png","type":"image\/png"}],"author":"Ingmar N\u00f5mmann","twitter_card":"summary_large_image","twitter_misc":{"Written by":"Ingmar N\u00f5mmann"},"schema":{"@context":"https:\/\/schema.org","@graph":[{"@type":"Article","@id":"https:\/\/kodas.ee\/et\/kalli-kalde-maalinaitus\/#article","isPartOf":{"@id":"https:\/\/kodas.ee\/et\/kalli-kalde-maalinaitus\/"},"author":{"name":"Ingmar N\u00f5mmann","@id":"https:\/\/kodas.ee\/et\/#\/schema\/person\/74ce1ed00eb3db133989cedf72c9cc02"},"headline":"Kalli Kalde maalin\u00e4itus","datePublished":"2023-07-10T09:07:32+00:00","dateModified":"2023-07-12T11:01:38+00:00","mainEntityOfPage":{"@id":"https:\/\/kodas.ee\/et\/kalli-kalde-maalinaitus\/"},"wordCount":4,"publisher":{"@id":"https:\/\/kodas.ee\/et\/#organization"},"articleSection":["S\u00fcndmused"],"inLanguage":"et"},{"@type":"WebPage","@id":"https:\/\/kodas.ee\/et\/kalli-kalde-maalinaitus\/","url":"https:\/\/kodas.ee\/et\/kalli-kalde-maalinaitus\/","name":"Kalli Kalde maalin\u00e4itus | Kodas | Maitsev ja j\u00e4tkusuutlik","isPartOf":{"@id":"https:\/\/kodas.ee\/et\/#website"},"datePublished":"2023-07-10T09:07:32+00:00","dateModified":"2023-07-12T11:01:38+00:00","description":"12. juulil kell 19.00 esitleb kunstnik Kalli Kalde oma maalide n\u00e4itust KODAS restoranis ja ringk\u00e4igul veinikeldri vaadigaleriis. Kalli Kalde on l\u00f5petanud Tallinna \u00dclikooli kunsti\u00f5petuse ja t\u00f6\u00f6\u00f5petuse \u00f5petajana. Oma maalide ja graafikaga esineb ta n\u00e4itustel alates 1988. aastast. Ta on Tartu Kunstnike Liidu ja Eesti Vabagraafikute \u00dchenduse liige ja t\u00f6\u00f6tab joonistamise ja maali \u00f5petajana Tartu Kunstikoolis.N\u00e4itus j\u00e4\u00e4b avatuks augusti l\u00f5puni.","breadcrumb":{"@id":"https:\/\/kodas.ee\/et\/kalli-kalde-maalinaitus\/#breadcrumb"},"inLanguage":"et","potentialAction":[{"@type":"ReadAction","target":["https:\/\/kodas.ee\/et\/kalli-kalde-maalinaitus\/"]}]},{"@type":"BreadcrumbList","@id":"https:\/\/kodas.ee\/et\/kalli-kalde-maalinaitus\/#breadcrumb","itemListElement":[{"@type":"ListItem","position":1,"name":"Home","item":"https:\/\/kodas.ee\/et\/"},{"@type":"ListItem","position":2,"name":"Kalli Kalde maalin\u00e4itus"}]},{"@type":"WebSite","@id":"https:\/\/kodas.ee\/et\/#website","url":"https:\/\/kodas.ee\/et\/","name":"Kodas | Maitsev ja j\u00e4tkusuutlik","description":"Maailmaklassi siider t\u00e4is teadust","publisher":{"@id":"https:\/\/kodas.ee\/et\/#organization"},"potentialAction":[{"@type":"SearchAction","target":{"@type":"EntryPoint","urlTemplate":"https:\/\/kodas.ee\/et\/?s={search_term_string}"},"query-input":"required name=search_term_string"}],"inLanguage":"et"},{"@type":"Organization","@id":"https:\/\/kodas.ee\/et\/#organization","name":"SIIDRIKODA O\u00dc","url":"https:\/\/kodas.ee\/et\/","logo":{"@type":"ImageObject","inLanguage":"et","@id":"https:\/\/kodas.ee\/et\/#\/schema\/logo\/image\/","url":"https:\/\/kodas.ee\/wp-content\/uploads\/2021\/07\/cropped-favicon.png","contentUrl":"https:\/\/kodas.ee\/wp-content\/uploads\/2021\/07\/cropped-favicon.png","width":512,"height":512,"caption":"SIIDRIKODA O\u00dc"},"image":{"@id":"https:\/\/kodas.ee\/et\/#\/schema\/logo\/image\/"}},{"@type":"Person","@id":"https:\/\/kodas.ee\/et\/#\/schema\/person\/74ce1ed00eb3db133989cedf72c9cc02","name":"Ingmar N\u00f5mmann","image":{"@type":"ImageObject","inLanguage":"et","@id":"https:\/\/kodas.ee\/et\/#\/schema\/person\/image\/","url":"https:\/\/kodas.ee\/wp-content\/wphb-cache\/gravatar\/7a0\/7a082d7c413f1b432039891bd12febe4x96.jpg","contentUrl":"https:\/\/kodas.ee\/wp-content\/wphb-cache\/gravatar\/7a0\/7a082d7c413f1b432039891bd12febe4x96.jpg","caption":"Ingmar N\u00f5mmann"}}]}},"_links":{"self":[{"href":"https:\/\/kodas.ee\/et\/wp-json\/wp\/v2\/posts\/4896","targetHints":{"allow":["GET"]}}],"collection":[{"href":"https:\/\/kodas.ee\/et\/wp-json\/wp\/v2\/posts"}],"about":[{"href":"https:\/\/kodas.ee\/et\/wp-json\/wp\/v2\/types\/post"}],"author":[{"embeddable":true,"href":"https:\/\/kodas.ee\/et\/wp-json\/wp\/v2\/users\/5"}],"replies":[{"embeddable":true,"href":"https:\/\/kodas.ee\/et\/wp-json\/wp\/v2\/comments?post=4896"}],"version-history":[{"count":1,"href":"https:\/\/kodas.ee\/et\/wp-json\/wp\/v2\/posts\/4896\/revisions"}],"predecessor-version":[{"id":4900,"href":"https:\/\/kodas.ee\/et\/wp-json\/wp\/v2\/posts\/4896\/revisions\/4900"}],"wp:featuredmedia":[{"embeddable":true,"href":"https:\/\/kodas.ee\/et\/wp-json\/wp\/v2\/media\/4913"}],"wp:attachment":[{"href":"https:\/\/kodas.ee\/et\/wp-json\/wp\/v2\/media?parent=4896"}],"wp:term":[{"taxonomy":"category","embeddable":true,"href":"https:\/\/kodas.ee\/et\/wp-json\/wp\/v2\/categories?post=4896"},{"taxonomy":"post_tag","embeddable":true,"href":"https:\/\/kodas.ee\/et\/wp-json\/wp\/v2\/tags?post=4896"},{"taxonomy":"post_folder","embeddable":true,"href":"https:\/\/kodas.ee\/et\/wp-json\/wp\/v2\/post_folder?post=4896"}],"curies":[{"name":"wp","href":"https:\/\/api.w.org\/{rel}","templated":true}]}}